{"id":11130,"date":"2021-08-05T11:46:44","date_gmt":"2021-08-05T08:46:44","guid":{"rendered":"https:\/\/evender.ee\/?p=11130"},"modified":"2021-08-05T11:53:47","modified_gmt":"2021-08-05T08:53:47","slug":"lauajalgade-ja-tarvikute-uuenenud-valik","status":"publish","type":"post","link":"https:\/\/www.evender.ee\/en\/lauajalgade-ja-tarvikute-uuenenud-valik\/","title":{"rendered":"New range of table legs and accessories"},"content":{"rendered":"<p>We expanded<span style=\"color: #225160;\"><strong> Emuca pakutavate lauajalgade ja tarvikute valikut<\/strong><\/span>.<\/p>\n<p>Nende<span style=\"color: #225160;\"><strong> funktsionaalsus ja esteetilised<\/strong><\/span> omadused v\u00f5imaldavad neid sobitada igasse ruumi \u2013 k\u00f6\u00f6ki, elu- v\u00f5i vannituppa.<\/p>\n<p><span style=\"color: #225160;\"><strong>Valge<\/strong><\/span> or <span style=\"color: #225160;\"><strong>black<\/strong><\/span> viimistlus muudab m\u00f6\u00f6bli silmapaistvaks ja see on m\u00f6\u00f6blidisaini t\u00f5usev trend, sest v\u00f5imaldab luua nutikamaid sisekujunduslahendusi. Puidust laua kombineerimine terasest jalgadega loob elegantse kontrasti.<\/p>\n<div class=\"row align-center\"  id=\"row-1135321992\">\n\n\t<div id=\"col-2022703856\" class=\"col medium-10 small-12 large-10\"  >\n\t\t\t\t<div class=\"col-inner\"  >\n\t\t\t\n\t\t\t\n\t<div class=\"img has-hover x md-x lg-x y md-y lg-y\" id=\"image_924307014\">\n\t\t<a class=\"\" href=\"https:\/\/evender.ee\/wp-content\/uploads\/2021\/08\/EMUCA_10-Soklijalad-reguleerjalad-m%C3%B6%C3%B6blirattad.pdf\" target=\"_blank\" rel=\"noopener\" >\t\t\t\t\t\t<div class=\"img-inner dark\" >\n\t\t\t<img loading=\"lazy\" decoding=\"async\" width=\"1020\" height=\"467\" src=\"https:\/\/www.evender.ee\/wp-content\/uploads\/2021\/08\/Lauajalad-5-1024x469.jpg\" class=\"attachment-large size-large\" alt=\"\" srcset=\"https:\/\/www.evender.ee\/wp-content\/uploads\/2021\/08\/Lauajalad-5-1024x469.jpg 1024w, https:\/\/www.evender.ee\/wp-content\/uploads\/2021\/08\/Lauajalad-5-300x137.jpg 300w, https:\/\/www.evender.ee\/wp-content\/uploads\/2021\/08\/Lauajalad-5-768x351.jpg 768w, https:\/\/www.evender.ee\/wp-content\/uploads\/2021\/08\/Lauajalad-5-600x275.jpg 600w, https:\/\/www.evender.ee\/wp-content\/uploads\/2021\/08\/Lauajalad-5.jpg 1121w\" sizes=\"(max-width: 1020px) 100vw, 1020px\" \/>\t\t\t\t\t\t\n\t\t\t\t\t<\/div>\n\t\t\t\t\t\t<\/a>\t\t\n<style>\n#image_924307014 {\n  width: 100%;\n}\n<\/style>\n\t<\/div>\n\t\n\t\t<\/div>\n\t\t\t\t\t<\/div>\n\n\t\n<\/div>\n\t<div id=\"gap-1581350627\" class=\"gap-element clearfix\" style=\"display:block; height:auto;\">\n\t\t\n<style>\n#gap-1581350627 {\n  padding-top: 35px;\n}\n<\/style>\n\t<\/div>\n\t\n<div class=\"row\"  id=\"row-1236180174\">\n\n\t<div id=\"col-694599843\" class=\"col small-12 large-12\"  >\n\t\t\t\t<div class=\"col-inner\"  >\n\t\t\t\n\t\t\t\n<h3><span style=\"color: #225160;\"><strong>Table legs<\/strong><\/span><\/h3>\n<p>Tutvuge meie nelja lauajala mudeliga, mis on loodud andma lauale originaalse ilme. Jalgu saab sobitada teie valitud lauaplaatidega, mis v\u00f5imaldab luua isikup\u00e4raseid laudu ja ruumilahendusi.<\/p>\n<p>Neid on ka lihtne kokku panna \u2013 lihtsalt kinnitage jalg kaasasolevate kruvidega lauaplaadi k\u00fclge. Jalgade komplekti kuuluvad ka p\u00f5randakaitsmed, et v\u00e4ltida p\u00f5randa kahjustamist.<\/p>\n<p>Nelinurksete lauajalgade komplektil <span style=\"color: #225160;\"><strong>Square<\/strong><\/span> on j\u00f5uline ristk\u00fcliku kuju, mis on saadaval fikseeritud k\u00f5rgusega 720 mm ja kahes laiuses \u2013 600 mm v\u00f5i 800 mm.<\/p>\n<p>Kahest jalast koosnev ristjalgade komplekt <span style=\"color: #225160;\"><strong>Cross<\/strong><\/span> on j\u00f5ulise ja stabiilse disainiga ning jalgadel on fikseeritud k\u00f5rgus 695 mm ja laius 695 mm; sobib h\u00e4sti k\u00f6\u00f6gi- v\u00f5i s\u00f6\u00f6gilaudadele.<\/p>\n<p>Neljast lauajalast koosneva komplekti <span style=\"color: #225160;\"><strong>Hairpin<\/strong><\/span> jalad on valmistatud kolmest \u00fcmarast vardast. Komplekt on saadaval k\u00f5rgusega 710 mm ja see on m\u00f5eldud mitmeotstarbeliste laudade jaoks.<\/p>\n<p>Neljast 400 mm k\u00f5rgusest jalast koosnev <span style=\"color: #225160;\"><strong>Hairpini<\/strong><\/span> komplekt, mille jalad on valmistatud kahest \u00fcmarast vardast, on m\u00f5eldud diivani- v\u00f5i abilaudade jaoks.<\/p>\n\t<div class=\"img has-hover x md-x lg-x y md-y lg-y\" id=\"image_2024027441\">\n\t\t\t\t\t\t\t\t<div class=\"img-inner dark\" >\n\t\t\t<img loading=\"lazy\" decoding=\"async\" width=\"1020\" height=\"413\" src=\"https:\/\/www.evender.ee\/wp-content\/uploads\/2021\/08\/Lauajalad-2-1024x415.jpg\" class=\"attachment-large size-large\" alt=\"\" srcset=\"https:\/\/www.evender.ee\/wp-content\/uploads\/2021\/08\/Lauajalad-2-1024x415.jpg 1024w, https:\/\/www.evender.ee\/wp-content\/uploads\/2021\/08\/Lauajalad-2-300x122.jpg 300w, https:\/\/www.evender.ee\/wp-content\/uploads\/2021\/08\/Lauajalad-2-768x311.jpg 768w, https:\/\/www.evender.ee\/wp-content\/uploads\/2021\/08\/Lauajalad-2-600x243.jpg 600w, https:\/\/www.evender.ee\/wp-content\/uploads\/2021\/08\/Lauajalad-2.jpg 1486w\" sizes=\"(max-width: 1020px) 100vw, 1020px\" \/>\t\t\t\t\t\t\n\t\t\t\t\t<\/div>\n\t\t\t\t\t\t\t\t\n<style>\n#image_2024027441 {\n  width: 100%;\n}\n<\/style>\n\t<\/div>\n\t\n\t<div class=\"img has-hover x md-x lg-x y md-y lg-y\" id=\"image_575773071\">\n\t\t\t\t\t\t\t\t<div class=\"img-inner dark\" >\n\t\t\t<img loading=\"lazy\" decoding=\"async\" width=\"1020\" height=\"557\" src=\"https:\/\/www.evender.ee\/wp-content\/uploads\/2021\/08\/Lauajalad-3-1024x559.jpg\" class=\"attachment-large size-large\" alt=\"\" srcset=\"https:\/\/www.evender.ee\/wp-content\/uploads\/2021\/08\/Lauajalad-3-1024x559.jpg 1024w, https:\/\/www.evender.ee\/wp-content\/uploads\/2021\/08\/Lauajalad-3-300x164.jpg 300w, https:\/\/www.evender.ee\/wp-content\/uploads\/2021\/08\/Lauajalad-3-768x419.jpg 768w, https:\/\/www.evender.ee\/wp-content\/uploads\/2021\/08\/Lauajalad-3-600x327.jpg 600w, https:\/\/www.evender.ee\/wp-content\/uploads\/2021\/08\/Lauajalad-3.jpg 1118w\" sizes=\"(max-width: 1020px) 100vw, 1020px\" \/>\t\t\t\t\t\t\n\t\t\t\t\t<\/div>\n\t\t\t\t\t\t\t\t\n<style>\n#image_575773071 {\n  width: 100%;\n}\n<\/style>\n\t<\/div>\n\t\n<h3><span style=\"color: #225160;\"><strong>T\u00f5stemehhanism kohvilaudade jaoks<\/strong><\/span><\/h3>\n<p>Selle kohvilaudade jaoks m\u00f5eldud<span style=\"color: #225160;\"><strong> t\u00f5stemehhanismiga<\/strong><\/span> saate oma kohvilaua muuta mugavaks mitmeotstarbeliseks <span style=\"color: #225160;\"><strong>s\u00f6\u00f6gi-, lugemis- v\u00f5i diivanilauaks<\/strong><\/span>.<\/p>\n<p>T\u00f5stemehhanism v\u00f5imaldab lauda 135 mm v\u00f5rra t\u00f5sta ja hoida seda \u00fclest\u00f5stetud asendis. Selle tulemusena saame kasutada laua all olevat ruumi, n\u00e4iteks <span style=\"color: #225160;\"><strong>teleripuldi, ajakirjade, tahvelarvuti<\/strong><\/span> hoidmiseks.<\/p>\n<p>Mehhanismi on lihtne paigaldada ja sellel on laua k\u00fclge paigaldamiseks kruviaugud nii k\u00fclgedel kui ka \u00fcleval ja all. Laua t\u00f5stemehhanism on valmistatud kvaliteetsest ja vastupidavast <strong><span style=\"color: #225160;\">satiinmusta viimistlusega<\/span><\/strong> terasest.<\/p>\n\t<div class=\"img has-hover x md-x lg-x y md-y lg-y\" id=\"image_98008226\">\n\t\t\t\t\t\t\t\t<div class=\"img-inner dark\" >\n\t\t\t<img loading=\"lazy\" decoding=\"async\" width=\"1020\" height=\"249\" src=\"https:\/\/www.evender.ee\/wp-content\/uploads\/2021\/08\/Lauajalad-4.jpg\" class=\"attachment-large size-large\" alt=\"\" srcset=\"https:\/\/www.evender.ee\/wp-content\/uploads\/2021\/08\/Lauajalad-4.jpg 1021w, https:\/\/www.evender.ee\/wp-content\/uploads\/2021\/08\/Lauajalad-4-300x73.jpg 300w, https:\/\/www.evender.ee\/wp-content\/uploads\/2021\/08\/Lauajalad-4-768x187.jpg 768w, https:\/\/www.evender.ee\/wp-content\/uploads\/2021\/08\/Lauajalad-4-600x146.jpg 600w\" sizes=\"(max-width: 1020px) 100vw, 1020px\" \/>\t\t\t\t\t\t\n\t\t\t\t\t<\/div>\n\t\t\t\t\t\t\t\t\n<style>\n#image_98008226 {\n  width: 100%;\n}\n<\/style>\n\t<\/div>\n\t\n\t\t<\/div>\n\t\t\t\t\t<\/div>\n\n\t\n<\/div>","protected":false},"excerpt":{"rendered":"<p>We expanded the range of table legs and accessories offered by Emuca. Their functionality and aesthetics allow them to fit into any space - kitchen, living room or bathroom. White or black finishes make the furniture stand out and are a rising trend in furniture design, as they allow for the creation of smarter interior design solutions. Combining a wooden table with steel legs creates an elegant contrast.<\/p>","protected":false},"author":3,"featured_media":11132,"comment_status":"closed","ping_status":"closed","sticky":false,"template":"","format":"standard","meta":{"footnotes":""},"categories":[377],"tags":[1018,800,1013,1017,781,384,786,787,385,811,745,699,802,1030,1031,1014,801,806,1010,1016,1022,1027,1026,1009,1028,1034,1035,1029,1024,1025,700,1032,1019,1011,1023,1012,1033,1015,1037,1036,1020,1021],"yoast_head":"<!-- This site is optimized with the Yoast SEO plugin v23.9 - https:\/\/yoast.com\/wordpress\/plugins\/seo\/ -->\n<title>Lauajalgade ja tarvikute uuenenud valik | Evender<\/title>\n<meta name=\"robots\" content=\"index, follow, max-snippet:-1, max-image-preview:large, max-video-preview:-1\" \/>\n<link rel=\"canonical\" href=\"https:\/\/www.evender.ee\/en\/lauajalgade-ja-tarvikute-uuenenud-valik\/\" \/>\n<meta property=\"og:locale\" content=\"en_GB\" \/>\n<meta property=\"og:type\" content=\"article\" \/>\n<meta property=\"og:title\" content=\"Lauajalgade ja tarvikute uuenenud valik | Evender\" \/>\n<meta property=\"og:description\" content=\"Laiendasime Emuca pakutavate lauajalgade ja tarvikute valikut. Nende funktsionaalsus ja esteetilised omadused v\u00f5imaldavad neid sobitada igasse ruumi \u2013 k\u00f6\u00f6ki, elu- v\u00f5i vannituppa. Valge v\u00f5i must viimistlus muudab m\u00f6\u00f6bli silmapaistvaks ja see on m\u00f6\u00f6blidisaini t\u00f5usev trend, sest v\u00f5imaldab luua nutikamaid sisekujunduslahendusi. Puidust laua kombineerimine terasest jalgadega loob elegantse kontrasti.\" \/>\n<meta property=\"og:url\" content=\"https:\/\/www.evender.ee\/en\/lauajalgade-ja-tarvikute-uuenenud-valik\/\" \/>\n<meta property=\"og:site_name\" content=\"Evender\" \/>\n<meta property=\"article:publisher\" content=\"https:\/\/www.facebook.com\/evendernordic\" \/>\n<meta property=\"article:published_time\" content=\"2021-08-05T08:46:44+00:00\" \/>\n<meta property=\"article:modified_time\" content=\"2021-08-05T08:53:47+00:00\" \/>\n<meta property=\"og:image\" content=\"https:\/\/www.evender.ee\/wp-content\/uploads\/2021\/08\/Lauajalad-1.jpg\" \/>\n\t<meta property=\"og:image:width\" content=\"800\" \/>\n\t<meta property=\"og:image:height\" content=\"450\" \/>\n\t<meta property=\"og:image:type\" content=\"image\/jpeg\" \/>\n<meta name=\"author\" content=\"Evender\" \/>\n<meta name=\"twitter:card\" content=\"summary_large_image\" \/>\n<meta name=\"twitter:label1\" content=\"Written by\" \/>\n\t<meta name=\"twitter:data1\" content=\"Evender\" \/>\n\t<meta name=\"twitter:label2\" content=\"Est. reading time\" \/>\n\t<meta name=\"twitter:data2\" content=\"2 minutes\" \/>\n<script type=\"application\/ld+json\" class=\"yoast-schema-graph\">{\"@context\":\"https:\/\/schema.org\",\"@graph\":[{\"@type\":\"Article\",\"@id\":\"https:\/\/www.evender.ee\/en\/lauajalgade-ja-tarvikute-uuenenud-valik\/#article\",\"isPartOf\":{\"@id\":\"https:\/\/www.evender.ee\/en\/lauajalgade-ja-tarvikute-uuenenud-valik\/\"},\"author\":{\"name\":\"Evender\",\"@id\":\"https:\/\/www.evender.ee\/#\/schema\/person\/677fa2c46909e715aa9da35b3e5503c4\"},\"headline\":\"Lauajalgade ja tarvikute uuenenud valik\",\"datePublished\":\"2021-08-05T08:46:44+00:00\",\"dateModified\":\"2021-08-05T08:53:47+00:00\",\"mainEntityOfPage\":{\"@id\":\"https:\/\/www.evender.ee\/en\/lauajalgade-ja-tarvikute-uuenenud-valik\/\"},\"wordCount\":348,\"publisher\":{\"@id\":\"https:\/\/www.evender.ee\/#organization\"},\"image\":{\"@id\":\"https:\/\/www.evender.ee\/en\/lauajalgade-ja-tarvikute-uuenenud-valik\/#primaryimage\"},\"thumbnailUrl\":\"https:\/\/www.evender.ee\/wp-content\/uploads\/2021\/08\/Lauajalad-1.jpg\",\"keywords\":[\"abilaud\",\"blum\",\"Cross\",\"diivanilaud\",\"elektrilised lauajalad\",\"Emuca\",\"ergoniimiline t\u00f6\u00f6koht\",\"ergonoomiline laud\",\"Evender\",\"evender furnituur\",\"evender nordic\",\"furnituur\",\"grass\",\"H\u00e4fele\",\"H\u00e4fele eesti\",\"Hairpin\",\"Hettich\",\"ise m\u00f6\u00f6bel\",\"jalad s\u00f6\u00f6gilauale\",\"kohvilaud\",\"k\u00f6\u00f6gilaud\",\"laua furnituur\",\"laua t\u00f5stemehhanism\",\"lauajalad\",\"lauaplaadi t\u00f5stemehhanism\",\"lauaplaat\",\"Lift-top\",\"lugemislaud\",\"metallist jalad\",\"metallist lauajalad\",\"m\u00f6\u00f6blifurnituur\",\"rauast jalad\",\"reguleeritava k\u00f5rgusega lauajalad\",\"s\u00f6\u00f6gilaua jalad\",\"s\u00f6\u00f6gilaud\",\"Square\",\"t\u00f6\u00f6pinna lisalauaplaadi mehhanism\",\"t\u00f5stemehhanism\",\"t\u00f5stetav diivanilaud\",\"t\u00f5stetav lauaplaat\",\"X-kujulise raamiga lauajalad\",\"X-raam\"],\"articleSection\":[\"Uudised\"],\"inLanguage\":\"en-GB\"},{\"@type\":\"WebPage\",\"@id\":\"https:\/\/www.evender.ee\/en\/lauajalgade-ja-tarvikute-uuenenud-valik\/\",\"url\":\"https:\/\/www.evender.ee\/en\/lauajalgade-ja-tarvikute-uuenenud-valik\/\",\"name\":\"Lauajalgade ja tarvikute uuenenud valik | Evender\",\"isPartOf\":{\"@id\":\"https:\/\/www.evender.ee\/#website\"},\"primaryImageOfPage\":{\"@id\":\"https:\/\/www.evender.ee\/en\/lauajalgade-ja-tarvikute-uuenenud-valik\/#primaryimage\"},\"image\":{\"@id\":\"https:\/\/www.evender.ee\/en\/lauajalgade-ja-tarvikute-uuenenud-valik\/#primaryimage\"},\"thumbnailUrl\":\"https:\/\/www.evender.ee\/wp-content\/uploads\/2021\/08\/Lauajalad-1.jpg\",\"datePublished\":\"2021-08-05T08:46:44+00:00\",\"dateModified\":\"2021-08-05T08:53:47+00:00\",\"breadcrumb\":{\"@id\":\"https:\/\/www.evender.ee\/en\/lauajalgade-ja-tarvikute-uuenenud-valik\/#breadcrumb\"},\"inLanguage\":\"en-GB\",\"potentialAction\":[{\"@type\":\"ReadAction\",\"target\":[\"https:\/\/www.evender.ee\/en\/lauajalgade-ja-tarvikute-uuenenud-valik\/\"]}]},{\"@type\":\"ImageObject\",\"inLanguage\":\"en-GB\",\"@id\":\"https:\/\/www.evender.ee\/en\/lauajalgade-ja-tarvikute-uuenenud-valik\/#primaryimage\",\"url\":\"https:\/\/www.evender.ee\/wp-content\/uploads\/2021\/08\/Lauajalad-1.jpg\",\"contentUrl\":\"https:\/\/www.evender.ee\/wp-content\/uploads\/2021\/08\/Lauajalad-1.jpg\",\"width\":800,\"height\":450},{\"@type\":\"BreadcrumbList\",\"@id\":\"https:\/\/www.evender.ee\/en\/lauajalgade-ja-tarvikute-uuenenud-valik\/#breadcrumb\",\"itemListElement\":[{\"@type\":\"ListItem\",\"position\":1,\"name\":\"Home\",\"item\":\"https:\/\/www.evender.ee\/\"},{\"@type\":\"ListItem\",\"position\":2,\"name\":\"Lauajalgade ja tarvikute uuenenud valik\"}]},{\"@type\":\"WebSite\",\"@id\":\"https:\/\/www.evender.ee\/#website\",\"url\":\"https:\/\/www.evender.ee\/\",\"name\":\"Evender\",\"description\":\"Evender on usaldusv\u00e4\u00e4rne partner, kui otsid m\u00f6\u00f6blifurnituuri, m\u00f6\u00f6blitarvikuid, k\u00f6\u00f6gifurnituuri v\u00f5i garderoobitarvikuid. Meie e-poest ja m\u00fc\u00fcgisaalist leiad k\u00f5rgekvaliteedilised furnituurilahendused nii m\u00f6\u00f6blitootjatele, eritellimusm\u00f6\u00f6bli valmistajatele kui ka eraklientidele\",\"publisher\":{\"@id\":\"https:\/\/www.evender.ee\/#organization\"},\"alternateName\":\"M\u00f6\u00f6blifurnituur\",\"potentialAction\":[{\"@type\":\"SearchAction\",\"target\":{\"@type\":\"EntryPoint\",\"urlTemplate\":\"https:\/\/www.evender.ee\/?s={search_term_string}\"},\"query-input\":{\"@type\":\"PropertyValueSpecification\",\"valueRequired\":true,\"valueName\":\"search_term_string\"}}],\"inLanguage\":\"en-GB\"},{\"@type\":\"Organization\",\"@id\":\"https:\/\/www.evender.ee\/#organization\",\"name\":\"Evender\",\"alternateName\":\"Evender Nordic\",\"url\":\"https:\/\/www.evender.ee\/\",\"logo\":{\"@type\":\"ImageObject\",\"inLanguage\":\"en-GB\",\"@id\":\"https:\/\/www.evender.ee\/#\/schema\/logo\/image\/\",\"url\":\"https:\/\/evender.ee\/wp-content\/uploads\/2025\/11\/LOGO-RUUT.png\",\"contentUrl\":\"https:\/\/evender.ee\/wp-content\/uploads\/2025\/11\/LOGO-RUUT.png\",\"width\":250,\"height\":250,\"caption\":\"Evender\"},\"image\":{\"@id\":\"https:\/\/www.evender.ee\/#\/schema\/logo\/image\/\"},\"sameAs\":[\"https:\/\/www.facebook.com\/evendernordic\"]},{\"@type\":\"Person\",\"@id\":\"https:\/\/www.evender.ee\/#\/schema\/person\/677fa2c46909e715aa9da35b3e5503c4\",\"name\":\"Evender\",\"image\":{\"@type\":\"ImageObject\",\"inLanguage\":\"en-GB\",\"@id\":\"https:\/\/www.evender.ee\/#\/schema\/person\/image\/\",\"url\":\"https:\/\/secure.gravatar.com\/avatar\/4a781afd990339f79f61d11bc04bf4f3?s=96&d=mm&r=g\",\"contentUrl\":\"https:\/\/secure.gravatar.com\/avatar\/4a781afd990339f79f61d11bc04bf4f3?s=96&d=mm&r=g\",\"caption\":\"Evender\"},\"url\":\"https:\/\/www.evender.ee\/en\/author\/lauri\/\"}]}<\/script>\n<!-- \/ Yoast SEO plugin. -->","yoast_head_json":{"title":"Lauajalgade ja tarvikute uuenenud valik | Evender","robots":{"index":"index","follow":"follow","max-snippet":"max-snippet:-1","max-image-preview":"max-image-preview:large","max-video-preview":"max-video-preview:-1"},"canonical":"https:\/\/www.evender.ee\/en\/lauajalgade-ja-tarvikute-uuenenud-valik\/","og_locale":"en_GB","og_type":"article","og_title":"Lauajalgade ja tarvikute uuenenud valik | Evender","og_description":"Laiendasime Emuca pakutavate lauajalgade ja tarvikute valikut. Nende funktsionaalsus ja esteetilised omadused v\u00f5imaldavad neid sobitada igasse ruumi \u2013 k\u00f6\u00f6ki, elu- v\u00f5i vannituppa. Valge v\u00f5i must viimistlus muudab m\u00f6\u00f6bli silmapaistvaks ja see on m\u00f6\u00f6blidisaini t\u00f5usev trend, sest v\u00f5imaldab luua nutikamaid sisekujunduslahendusi. Puidust laua kombineerimine terasest jalgadega loob elegantse kontrasti.","og_url":"https:\/\/www.evender.ee\/en\/lauajalgade-ja-tarvikute-uuenenud-valik\/","og_site_name":"Evender","article_publisher":"https:\/\/www.facebook.com\/evendernordic","article_published_time":"2021-08-05T08:46:44+00:00","article_modified_time":"2021-08-05T08:53:47+00:00","og_image":[{"width":800,"height":450,"url":"https:\/\/www.evender.ee\/wp-content\/uploads\/2021\/08\/Lauajalad-1.jpg","type":"image\/jpeg"}],"author":"Evender","twitter_card":"summary_large_image","twitter_misc":{"Written by":"Evender","Est. reading time":"2 minutes"},"schema":{"@context":"https:\/\/schema.org","@graph":[{"@type":"Article","@id":"https:\/\/www.evender.ee\/en\/lauajalgade-ja-tarvikute-uuenenud-valik\/#article","isPartOf":{"@id":"https:\/\/www.evender.ee\/en\/lauajalgade-ja-tarvikute-uuenenud-valik\/"},"author":{"name":"Evender","@id":"https:\/\/www.evender.ee\/#\/schema\/person\/677fa2c46909e715aa9da35b3e5503c4"},"headline":"Lauajalgade ja tarvikute uuenenud valik","datePublished":"2021-08-05T08:46:44+00:00","dateModified":"2021-08-05T08:53:47+00:00","mainEntityOfPage":{"@id":"https:\/\/www.evender.ee\/en\/lauajalgade-ja-tarvikute-uuenenud-valik\/"},"wordCount":348,"publisher":{"@id":"https:\/\/www.evender.ee\/#organization"},"image":{"@id":"https:\/\/www.evender.ee\/en\/lauajalgade-ja-tarvikute-uuenenud-valik\/#primaryimage"},"thumbnailUrl":"https:\/\/www.evender.ee\/wp-content\/uploads\/2021\/08\/Lauajalad-1.jpg","keywords":["abilaud","blum","Cross","diivanilaud","elektrilised lauajalad","Emuca","ergoniimiline t\u00f6\u00f6koht","ergonoomiline laud","Evender","evender furnituur","evender nordic","furnituur","grass","H\u00e4fele","H\u00e4fele eesti","Hairpin","Hettich","ise m\u00f6\u00f6bel","jalad s\u00f6\u00f6gilauale","kohvilaud","k\u00f6\u00f6gilaud","laua furnituur","laua t\u00f5stemehhanism","lauajalad","lauaplaadi t\u00f5stemehhanism","lauaplaat","Lift-top","lugemislaud","metallist jalad","metallist lauajalad","m\u00f6\u00f6blifurnituur","rauast jalad","reguleeritava k\u00f5rgusega lauajalad","s\u00f6\u00f6gilaua jalad","s\u00f6\u00f6gilaud","Square","t\u00f6\u00f6pinna lisalauaplaadi mehhanism","t\u00f5stemehhanism","t\u00f5stetav diivanilaud","t\u00f5stetav lauaplaat","X-kujulise raamiga lauajalad","X-raam"],"articleSection":["Uudised"],"inLanguage":"en-GB"},{"@type":"WebPage","@id":"https:\/\/www.evender.ee\/en\/lauajalgade-ja-tarvikute-uuenenud-valik\/","url":"https:\/\/www.evender.ee\/en\/lauajalgade-ja-tarvikute-uuenenud-valik\/","name":"Lauajalgade ja tarvikute uuenenud valik | Evender","isPartOf":{"@id":"https:\/\/www.evender.ee\/#website"},"primaryImageOfPage":{"@id":"https:\/\/www.evender.ee\/en\/lauajalgade-ja-tarvikute-uuenenud-valik\/#primaryimage"},"image":{"@id":"https:\/\/www.evender.ee\/en\/lauajalgade-ja-tarvikute-uuenenud-valik\/#primaryimage"},"thumbnailUrl":"https:\/\/www.evender.ee\/wp-content\/uploads\/2021\/08\/Lauajalad-1.jpg","datePublished":"2021-08-05T08:46:44+00:00","dateModified":"2021-08-05T08:53:47+00:00","breadcrumb":{"@id":"https:\/\/www.evender.ee\/en\/lauajalgade-ja-tarvikute-uuenenud-valik\/#breadcrumb"},"inLanguage":"en-GB","potentialAction":[{"@type":"ReadAction","target":["https:\/\/www.evender.ee\/en\/lauajalgade-ja-tarvikute-uuenenud-valik\/"]}]},{"@type":"ImageObject","inLanguage":"en-GB","@id":"https:\/\/www.evender.ee\/en\/lauajalgade-ja-tarvikute-uuenenud-valik\/#primaryimage","url":"https:\/\/www.evender.ee\/wp-content\/uploads\/2021\/08\/Lauajalad-1.jpg","contentUrl":"https:\/\/www.evender.ee\/wp-content\/uploads\/2021\/08\/Lauajalad-1.jpg","width":800,"height":450},{"@type":"BreadcrumbList","@id":"https:\/\/www.evender.ee\/en\/lauajalgade-ja-tarvikute-uuenenud-valik\/#breadcrumb","itemListElement":[{"@type":"ListItem","position":1,"name":"Home","item":"https:\/\/www.evender.ee\/"},{"@type":"ListItem","position":2,"name":"Lauajalgade ja tarvikute uuenenud valik"}]},{"@type":"WebSite","@id":"https:\/\/www.evender.ee\/#website","url":"https:\/\/www.evender.ee\/","name":"Evender","description":"Evender is your reliable partner when you are looking for furniture veneer, furniture accessories, kitchen veneer or wardrobe accessories. In our e-shop and showroom you will find high quality veneer solutions for furniture manufacturers, custom furniture makers and private customers.","publisher":{"@id":"https:\/\/www.evender.ee\/#organization"},"alternateName":"M\u00f6\u00f6blifurnituur","potentialAction":[{"@type":"SearchAction","target":{"@type":"EntryPoint","urlTemplate":"https:\/\/www.evender.ee\/?s={search_term_string}"},"query-input":{"@type":"PropertyValueSpecification","valueRequired":true,"valueName":"search_term_string"}}],"inLanguage":"en-GB"},{"@type":"Organization","@id":"https:\/\/www.evender.ee\/#organization","name":"Evender","alternateName":"Evender Nordic","url":"https:\/\/www.evender.ee\/","logo":{"@type":"ImageObject","inLanguage":"en-GB","@id":"https:\/\/www.evender.ee\/#\/schema\/logo\/image\/","url":"https:\/\/evender.ee\/wp-content\/uploads\/2025\/11\/LOGO-RUUT.png","contentUrl":"https:\/\/evender.ee\/wp-content\/uploads\/2025\/11\/LOGO-RUUT.png","width":250,"height":250,"caption":"Evender"},"image":{"@id":"https:\/\/www.evender.ee\/#\/schema\/logo\/image\/"},"sameAs":["https:\/\/www.facebook.com\/evendernordic"]},{"@type":"Person","@id":"https:\/\/www.evender.ee\/#\/schema\/person\/677fa2c46909e715aa9da35b3e5503c4","name":"Evender","image":{"@type":"ImageObject","inLanguage":"en-GB","@id":"https:\/\/www.evender.ee\/#\/schema\/person\/image\/","url":"https:\/\/secure.gravatar.com\/avatar\/4a781afd990339f79f61d11bc04bf4f3?s=96&d=mm&r=g","contentUrl":"https:\/\/secure.gravatar.com\/avatar\/4a781afd990339f79f61d11bc04bf4f3?s=96&d=mm&r=g","caption":"Evender"},"url":"https:\/\/www.evender.ee\/en\/author\/lauri\/"}]}},"_links":{"self":[{"href":"https:\/\/www.evender.ee\/en\/wp-json\/wp\/v2\/posts\/11130"}],"collection":[{"href":"https:\/\/www.evender.ee\/en\/wp-json\/wp\/v2\/posts"}],"about":[{"href":"https:\/\/www.evender.ee\/en\/wp-json\/wp\/v2\/types\/post"}],"author":[{"embeddable":true,"href":"https:\/\/www.evender.ee\/en\/wp-json\/wp\/v2\/users\/3"}],"replies":[{"embeddable":true,"href":"https:\/\/www.evender.ee\/en\/wp-json\/wp\/v2\/comments?post=11130"}],"version-history":[{"count":5,"href":"https:\/\/www.evender.ee\/en\/wp-json\/wp\/v2\/posts\/11130\/revisions"}],"predecessor-version":[{"id":11140,"href":"https:\/\/www.evender.ee\/en\/wp-json\/wp\/v2\/posts\/11130\/revisions\/11140"}],"wp:featuredmedia":[{"embeddable":true,"href":"https:\/\/www.evender.ee\/en\/wp-json\/wp\/v2\/media\/11132"}],"wp:attachment":[{"href":"https:\/\/www.evender.ee\/en\/wp-json\/wp\/v2\/media?parent=11130"}],"wp:term":[{"taxonomy":"category","embeddable":true,"href":"https:\/\/www.evender.ee\/en\/wp-json\/wp\/v2\/categories?post=11130"},{"taxonomy":"post_tag","embeddable":true,"href":"https:\/\/www.evender.ee\/en\/wp-json\/wp\/v2\/tags?post=11130"}],"curies":[{"name":"wp","href":"https:\/\/api.w.org\/{rel}","templated":true}]}}