{"id":12336,"date":"2021-11-12T12:54:06","date_gmt":"2021-11-12T10:54:06","guid":{"rendered":"https:\/\/evender.ee\/?p=12336"},"modified":"2021-11-12T13:18:21","modified_gmt":"2021-11-12T11:18:21","slug":"stiilne-ja-ruumisaastlik-seinanagi","status":"publish","type":"post","link":"https:\/\/www.evender.ee\/en\/stiilne-ja-ruumisaastlik-seinanagi\/","title":{"rendered":"Stylish and space-saving wall hanging"},"content":{"rendered":"<p>Introducing you\u00a0<span style=\"color: #225160;\"><strong>Stylish and space-saving wall hook<\/strong><\/span>. Nagil is on\u00a0<span style=\"color: #225160;\"><strong>minimalist design\u00a0<\/strong><\/span>and thanks to this it fits into any room in your home: the kitchen, bedroom, bathroom or wardrobe.<\/p>\n<div class=\"row align-center\"  id=\"row-1482325431\">\n\n\t<div id=\"col-713352309\" class=\"col medium-10 small-12 large-10\"  >\n\t\t\t\t<div class=\"col-inner\"  >\n\t\t\t\n\t\t\t\n\t<div class=\"img has-hover x md-x lg-x y md-y lg-y\" id=\"image_1107195666\">\n\t\t\t\t\t\t\t\t<div class=\"img-inner dark\" >\n\t\t\t<img loading=\"lazy\" decoding=\"async\" width=\"745\" height=\"368\" src=\"https:\/\/www.evender.ee\/wp-content\/uploads\/2021\/11\/Seinanagi-volditav-11.jpg\" class=\"attachment-large size-large\" alt=\"\" srcset=\"https:\/\/www.evender.ee\/wp-content\/uploads\/2021\/11\/Seinanagi-volditav-11.jpg 745w, https:\/\/www.evender.ee\/wp-content\/uploads\/2021\/11\/Seinanagi-volditav-11-300x148.jpg 300w, https:\/\/www.evender.ee\/wp-content\/uploads\/2021\/11\/Seinanagi-volditav-11-600x296.jpg 600w\" sizes=\"(max-width: 745px) 100vw, 745px\" \/>\t\t\t\t\t\t\n\t\t\t\t\t<\/div>\n\t\t\t\t\t\t\t\t\n<style>\n#image_1107195666 {\n  width: 100%;\n}\n<\/style>\n\t<\/div>\n\t\n\t\t<\/div>\n\t\t\t\t\t<\/div>\n\n\t\n<\/div>\n<div class=\"row\"  id=\"row-1907609500\">\n\n\t<div id=\"col-1242927795\" class=\"col small-12 large-12\"  >\n\t\t\t\t<div class=\"col-inner\"  >\n\t\t\t\n\t\t\t\n<p>Seinanagi paistab silma oma<span style=\"color: #225160;\"><strong> functionality<\/strong><\/span> and because it can be unfolded to hang items and folded up again when the hook isn't being used.\u00a0<\/p>\n<p>The nail has an anti-slip rubber on the hanging part to prevent objects from falling off.<\/p>\n<div class=\"row align-center\"  id=\"row-950537844\">\n\n\t<div id=\"col-1752115270\" class=\"col medium-10 small-12 large-10\"  >\n\t\t\t\t<div class=\"col-inner\"  >\n\t\t\t\n\t\t\t\n\t<div class=\"img has-hover x md-x lg-x y md-y lg-y\" id=\"image_740013732\">\n\t\t\t\t\t\t\t\t<div class=\"img-inner dark\" >\n\t\t\t<img loading=\"lazy\" decoding=\"async\" width=\"701\" height=\"351\" src=\"https:\/\/www.evender.ee\/wp-content\/uploads\/2021\/11\/Seinanagi-volditav-13.jpg\" class=\"attachment-large size-large\" alt=\"\" srcset=\"https:\/\/www.evender.ee\/wp-content\/uploads\/2021\/11\/Seinanagi-volditav-13.jpg 701w, https:\/\/www.evender.ee\/wp-content\/uploads\/2021\/11\/Seinanagi-volditav-13-300x150.jpg 300w, https:\/\/www.evender.ee\/wp-content\/uploads\/2021\/11\/Seinanagi-volditav-13-600x300.jpg 600w\" sizes=\"(max-width: 701px) 100vw, 701px\" \/>\t\t\t\t\t\t\n\t\t\t\t\t<\/div>\n\t\t\t\t\t\t\t\t\n<style>\n#image_740013732 {\n  width: 100%;\n}\n<\/style>\n\t<\/div>\n\t\n\t\t<\/div>\n\t\t\t\t\t<\/div>\n\n\t\n<\/div>\n\t<div id=\"gap-916647245\" class=\"gap-element clearfix\" style=\"display:block; height:auto;\">\n\t\t\n<style>\n#gap-916647245 {\n  padding-top: 28px;\n}\n<\/style>\n\t<\/div>\n\t\n<p>The base can be attached in two ways: either with screws or with double-sided adhesive tape.<br \/>The accessories needed for installation are included with the hook.<\/p>\n<div class=\"row align-center\"  id=\"row-2039257205\">\n\n\t<div id=\"col-336799113\" class=\"col medium-4 small-12 large-4\"  >\n\t\t\t\t<div class=\"col-inner\"  >\n\t\t\t\n\t\t\t\n\t<div class=\"img has-hover x md-x lg-x y md-y lg-y\" id=\"image_1026529445\">\n\t\t\t\t\t\t\t\t<div class=\"img-inner dark\" >\n\t\t\t<img loading=\"lazy\" decoding=\"async\" width=\"1020\" height=\"1020\" src=\"https:\/\/www.evender.ee\/wp-content\/uploads\/2021\/11\/Seinanagi-volditav-8-1024x1024.jpg\" class=\"attachment-large size-large\" alt=\"\" srcset=\"https:\/\/www.evender.ee\/wp-content\/uploads\/2021\/11\/Seinanagi-volditav-8-1024x1024.jpg 1024w, https:\/\/www.evender.ee\/wp-content\/uploads\/2021\/11\/Seinanagi-volditav-8-150x150.jpg 150w, https:\/\/www.evender.ee\/wp-content\/uploads\/2021\/11\/Seinanagi-volditav-8-300x300.jpg 300w, https:\/\/www.evender.ee\/wp-content\/uploads\/2021\/11\/Seinanagi-volditav-8-768x768.jpg 768w, https:\/\/www.evender.ee\/wp-content\/uploads\/2021\/11\/Seinanagi-volditav-8-600x600.jpg 600w, https:\/\/www.evender.ee\/wp-content\/uploads\/2021\/11\/Seinanagi-volditav-8-100x100.jpg 100w, https:\/\/www.evender.ee\/wp-content\/uploads\/2021\/11\/Seinanagi-volditav-8.jpg 1200w\" sizes=\"(max-width: 1020px) 100vw, 1020px\" \/>\t\t\t\t\t\t\n\t\t\t\t\t<\/div>\n\t\t\t\t\t\t\t\t\n<style>\n#image_1026529445 {\n  width: 100%;\n}\n<\/style>\n\t<\/div>\n\t\n\t\t<\/div>\n\t\t\t\t\t<\/div>\n\n\t\n<\/div>\n<h3 style=\"text-align: left;\"><strong>Seinapaneele saab osta komplektina<\/strong><\/h3>\n<div class=\"row align-center\"  id=\"row-967838222\">\n\n\t<div id=\"col-482850959\" class=\"col medium-10 small-12 large-10\"  >\n\t\t\t\t<div class=\"col-inner text-left\"  >\n\t\t\t\n\t\t\t\n\t\n  \n    <div id=\"product-grid-452636765\" class=\"box-shadow-1 slider slider-auto-height row-collapse slider-nav-reveal\" data-flickity-options='{\"imagesLoaded\": true, \"dragThreshold\" : 5, \"cellAlign\": \"left\",\"wrapAround\": true,\"prevNextButtons\": true,\"percentPosition\": true,\"pageDots\": false, \"rightToLeft\": false, \"autoPlay\" : false}'>\n\n  \n\t     <div class=\"product-small col has-hover product type-product post-12323 status-publish first onbackorder product_cat-mooblikaepidemed-nupud-nagid-ja-profiilid product_cat-seinanagid has-post-thumbnail taxable shipping-taxable purchasable product-type-simple\">\n\t<div class=\"col-inner\">\n\t\n<div class=\"badge-container absolute left top z-1\">\n\n<\/div>\n\t<div class=\"product-small box box-vertical\">\n\t\t<div class=\"box-image\">\n\t\t\t<div class=\"image-fade_in_back\">\n\t\t\t\t<a href=\"https:\/\/www.evender.ee\/en\/pood-toode\/seinanagi-volditav-5-tk-komplektis-alumiinium-must-varvitud\/\" aria-label=\"Foldable wall hangers, set of 5, aluminium\/black painted\">\n\t\t\t\t\t<img loading=\"lazy\" decoding=\"async\" width=\"300\" height=\"225\" src=\"https:\/\/www.evender.ee\/wp-content\/uploads\/2021\/11\/7200414-1-300x225.jpg\" class=\"attachment-woocommerce_thumbnail size-woocommerce_thumbnail\" alt=\"\" \/><img loading=\"lazy\" decoding=\"async\" width=\"300\" height=\"225\" src=\"https:\/\/www.evender.ee\/wp-content\/uploads\/2021\/11\/7200414-2-300x225.jpg\" class=\"show-on-hover absolute fill hide-for-small back-image\" alt=\"\" \/>\t\t\t\t<\/a>\n\t\t\t<\/div>\n\t\t\t<div class=\"image-tools is-small top right show-on-hover\">\n\t\t\t\t\t\t<div class=\"wishlist-icon\">\n\t\t\t<button class=\"wishlist-button button is-outline circle icon\" aria-label=\"Wishlist\">\n\t\t\t\t<i class=\"icon-heart\" ><\/i>\t\t\t<\/button>\n\t\t\t<div class=\"wishlist-popup dark\">\n\t\t\t\t\n<div\n\tclass=\"yith-wcwl-add-to-wishlist add-to-wishlist-12323  wishlist-fragment on-first-load\"\n\tdata-fragment-ref=\"12323\"\n\tdata-fragment-options=\"{&quot;base_url&quot;:&quot;&quot;,&quot;in_default_wishlist&quot;:false,&quot;is_single&quot;:false,&quot;show_exists&quot;:false,&quot;product_id&quot;:12323,&quot;parent_product_id&quot;:12323,&quot;product_type&quot;:&quot;simple&quot;,&quot;show_view&quot;:false,&quot;browse_wishlist_text&quot;:&quot;Vaata lemmikuid&quot;,&quot;already_in_wishslist_text&quot;:&quot;See toode on juba lemmikutes!&quot;,&quot;product_added_text&quot;:&quot;Toode lisatud lemmikutesse!&quot;,&quot;heading_icon&quot;:&quot;&quot;,&quot;available_multi_wishlist&quot;:false,&quot;disable_wishlist&quot;:false,&quot;show_count&quot;:false,&quot;ajax_loading&quot;:false,&quot;loop_position&quot;:false,&quot;item&quot;:&quot;add_to_wishlist&quot;}\"\n>\n\t\t\t\n\t\t\t<!-- ADD TO WISHLIST -->\n\t\t\t\n<div class=\"yith-wcwl-add-button\">\n\t\t<a\n\t\thref=\"?add_to_wishlist=12323&#038;_wpnonce=c4e37f9829\"\n\t\tclass=\"add_to_wishlist single_add_to_wishlist\"\n\t\tdata-product-id=\"12323\"\n\t\tdata-product-type=\"simple\"\n\t\tdata-original-product-id=\"12323\"\n\t\tdata-title=\"Lisa lemmikutesse\"\n\t\trel=\"nofollow\"\n\t>\n\t\t\t\t<span>Add to favorites<\/span>\n\t<\/a>\n<\/div>\n\n\t\t\t<!-- COUNT TEXT -->\n\t\t\t\n\t\t\t<\/div>\n\t\t\t<\/div>\n\t\t<\/div>\n\t\t\t\t\t<\/div>\n\t\t\t<div class=\"image-tools is-small hide-for-small bottom left show-on-hover\">\n\t\t\t\t\t\t\t<\/div>\n\t\t\t<div class=\"image-tools grid-tools text-center hide-for-small bottom hover-slide-in show-on-hover\">\n\t\t\t\t  <a class=\"quick-view\" data-prod=\"12323\" href=\"#quick-view\">Quick View<\/a>\t\t\t<\/div>\n\t\t\t\t\t<\/div>\n\n\t\t<div class=\"box-text box-text-products\">\n\t\t\t<div class=\"title-wrapper\"><p class=\"name product-title woocommerce-loop-product__title\"><a href=\"https:\/\/www.evender.ee\/en\/pood-toode\/seinanagi-volditav-5-tk-komplektis-alumiinium-must-varvitud\/\" class=\"woocommerce-LoopProduct-link woocommerce-loop-product__link\">Foldable wall hangers, set of 5, aluminium\/black painted<\/a><\/p><\/div><div class=\"sku-wrapper\"><small>7200414<\/small><\/div><div class=\"price-wrapper\">\n\t<span class=\"price\"><span class=\"woocommerce-Price-amount amount\"><bdi>94,00&nbsp;<span class=\"woocommerce-Price-currencySymbol\">\u20ac<\/span><\/bdi><\/span> <small class=\"woocommerce-price-suffix\">+ km<\/small><\/span>\n<div class=\"acs-stock-loop\">Tell for 2-3 weeks<\/div><\/div><form class=\"cart\" action=\"\">\t<div class=\"ux-quantity quantity buttons_added\">\n\t\t<input type=\"button\" value=\"-\" class=\"ux-quantity__button ux-quantity__button--minus button minus is-form\">\t\t\t\t<label class=\"screen-reader-text\" for=\"quantity_69ee332319336\" data-no-translation=\"\" data-trp-gettext=\"\">Seinanagi volditav, 5 tk komplektis, alumiinium\/must v\u00e4rvitud quantity<\/label>\n\t\t<input\n\t\t\ttype=\"number\"\n\t\t\t\t\t\tid=\"quantity_69ee332319336\"\n\t\t\tclass=\"input-text qty text\"\n\t\t\tname=\"quantity\"\n\t\t\tvalue=\"1\"\n\t\t\taria-label=\"Product quantity\"\n\t\t\tsize=\"4\"\n\t\t\tmin=\"0\"\n\t\t\tmax=\"\"\n\t\t\t\t\t\t\tstep=\"1\"\n\t\t\t\tplaceholder=\"\"\n\t\t\t\tinputmode=\"numeric\"\n\t\t\t\tautocomplete=\"off\" data-no-translation-aria-label=\"\"\n\t\t\t\t\t\/>\n\t\t\t\t<input type=\"button\" value=\"+\" class=\"ux-quantity__button ux-quantity__button--plus button plus is-form\">\t<\/div>\n\t<div class=\"add-to-cart-button\"><a href=\"?add-to-cart=12323\" data-quantity=\"1\" class=\"primary is-small mb-0 button product_type_simple add_to_cart_button ajax_add_to_cart is-outline\" data-product_id=\"12323\" data-product_sku=\"7200414\" aria-label=\"Add to cart: \u201cSeinanagi volditav, 5 tk komplektis, alumiinium\/must v\u00e4rvitud\u201d\" aria-describedby=\"\" rel=\"nofollow\" data-no-translation=\"\" data-trp-gettext=\"\" data-no-translation-aria-label=\"\">Add to cart<\/a><\/div><input type=\"hidden\" name=\"trp-form-language\" value=\"en\"\/><\/form>\t\t<\/div>\n\t<\/div>\n\t\t<\/div>\n<\/div><div class=\"product-small col has-hover product type-product post-12334 status-publish first instock product_cat-led-ribade-profiilid product_cat-valgustid-ja-elekter has-post-thumbnail taxable shipping-taxable purchasable product-type-simple\">\n\t<div class=\"col-inner\">\n\t\n<div class=\"badge-container absolute left top z-1\">\n\n<\/div>\n\t<div class=\"product-small box box-vertical\">\n\t\t<div class=\"box-image\">\n\t\t\t<div class=\"image-fade_in_back\">\n\t\t\t\t<a href=\"https:\/\/www.evender.ee\/en\/pood-toode\/profiil-diva5-21x93x16-mm-l2020-mm-alumiinium-inox-anodeeritud-pu-10\/\" aria-label=\"Profile DIVA5 21x9.3x16 mm L2020 mm, aluminium\/INOX anodised (PU 10)\">\n\t\t\t\t\t<img loading=\"lazy\" decoding=\"async\" width=\"300\" height=\"225\" src=\"https:\/\/www.evender.ee\/wp-content\/uploads\/2022\/02\/936-2110-092_inox-300x225.png\" class=\"attachment-woocommerce_thumbnail size-woocommerce_thumbnail\" alt=\"\" \/><img loading=\"lazy\" decoding=\"async\" width=\"300\" height=\"225\" src=\"https:\/\/www.evender.ee\/wp-content\/uploads\/2022\/02\/936-2110-092_ristloige-300x225.jpg\" class=\"show-on-hover absolute fill hide-for-small back-image\" alt=\"\" \/>\t\t\t\t<\/a>\n\t\t\t<\/div>\n\t\t\t<div class=\"image-tools is-small top right show-on-hover\">\n\t\t\t\t\t\t<div class=\"wishlist-icon\">\n\t\t\t<button class=\"wishlist-button button is-outline circle icon\" aria-label=\"Wishlist\">\n\t\t\t\t<i class=\"icon-heart\" ><\/i>\t\t\t<\/button>\n\t\t\t<div class=\"wishlist-popup dark\">\n\t\t\t\t\n<div\n\tclass=\"yith-wcwl-add-to-wishlist add-to-wishlist-12334  wishlist-fragment on-first-load\"\n\tdata-fragment-ref=\"12334\"\n\tdata-fragment-options=\"{&quot;base_url&quot;:&quot;&quot;,&quot;in_default_wishlist&quot;:false,&quot;is_single&quot;:false,&quot;show_exists&quot;:false,&quot;product_id&quot;:12334,&quot;parent_product_id&quot;:12334,&quot;product_type&quot;:&quot;simple&quot;,&quot;show_view&quot;:false,&quot;browse_wishlist_text&quot;:&quot;Vaata lemmikuid&quot;,&quot;already_in_wishslist_text&quot;:&quot;See toode on juba lemmikutes!&quot;,&quot;product_added_text&quot;:&quot;Toode lisatud lemmikutesse!&quot;,&quot;heading_icon&quot;:&quot;&quot;,&quot;available_multi_wishlist&quot;:false,&quot;disable_wishlist&quot;:false,&quot;show_count&quot;:false,&quot;ajax_loading&quot;:false,&quot;loop_position&quot;:false,&quot;item&quot;:&quot;add_to_wishlist&quot;}\"\n>\n\t\t\t\n\t\t\t<!-- ADD TO WISHLIST -->\n\t\t\t\n<div class=\"yith-wcwl-add-button\">\n\t\t<a\n\t\thref=\"?add_to_wishlist=12334&#038;_wpnonce=c4e37f9829\"\n\t\tclass=\"add_to_wishlist single_add_to_wishlist\"\n\t\tdata-product-id=\"12334\"\n\t\tdata-product-type=\"simple\"\n\t\tdata-original-product-id=\"12334\"\n\t\tdata-title=\"Lisa lemmikutesse\"\n\t\trel=\"nofollow\"\n\t>\n\t\t\t\t<span>Add to favorites<\/span>\n\t<\/a>\n<\/div>\n\n\t\t\t<!-- COUNT TEXT -->\n\t\t\t\n\t\t\t<\/div>\n\t\t\t<\/div>\n\t\t<\/div>\n\t\t\t\t\t<\/div>\n\t\t\t<div class=\"image-tools is-small hide-for-small bottom left show-on-hover\">\n\t\t\t\t\t\t\t<\/div>\n\t\t\t<div class=\"image-tools grid-tools text-center hide-for-small bottom hover-slide-in show-on-hover\">\n\t\t\t\t  <a class=\"quick-view\" data-prod=\"12334\" href=\"#quick-view\">Quick View<\/a>\t\t\t<\/div>\n\t\t\t\t\t<\/div>\n\n\t\t<div class=\"box-text box-text-products\">\n\t\t\t<div class=\"title-wrapper\"><p class=\"name product-title woocommerce-loop-product__title\"><a href=\"https:\/\/www.evender.ee\/en\/pood-toode\/profiil-diva5-21x93x16-mm-l2020-mm-alumiinium-inox-anodeeritud-pu-10\/\" class=\"woocommerce-LoopProduct-link woocommerce-loop-product__link\">Profile DIVA5 21\u00d79.3\u00d716 mm L2020 mm, aluminium\/INOX anodised (PU 10)<\/a><\/p><\/div><div class=\"sku-wrapper\"><small>936.2110.092<\/small><\/div><div class=\"price-wrapper\">\n\t<span class=\"price\"><span class=\"woocommerce-Price-amount amount\"><bdi>14,71&nbsp;<span class=\"woocommerce-Price-currencySymbol\">\u20ac<\/span><\/bdi><\/span> <small class=\"woocommerce-price-suffix\">+ km<\/small><\/span>\n<div class=\"acs-stock-loop\"><p class=\"firstALine\"  style=\" color: #7a9c59 !important;\">Laos.<\/p><p class=\"secondALine\" style=\" color: #7a9c59 !important;\">Delivery 0-3 working days<\/p><\/div><\/div><form class=\"cart\" action=\"\">\t<div class=\"ux-quantity quantity buttons_added\">\n\t\t<input type=\"button\" value=\"-\" class=\"ux-quantity__button ux-quantity__button--minus button minus is-form\">\t\t\t\t<label class=\"screen-reader-text\" for=\"quantity_69ee332319fbb\" data-no-translation=\"\" data-trp-gettext=\"\">Profiil DIVA5 21x9,3x16 mm L2020 mm, alumiinium\/INOX anodeeritud (PU 10) quantity<\/label>\n\t\t<input\n\t\t\ttype=\"number\"\n\t\t\t\t\t\tid=\"quantity_69ee332319fbb\"\n\t\t\tclass=\"input-text qty text\"\n\t\t\tname=\"quantity\"\n\t\t\tvalue=\"1\"\n\t\t\taria-label=\"Product quantity\"\n\t\t\tsize=\"4\"\n\t\t\tmin=\"0\"\n\t\t\tmax=\"\"\n\t\t\t\t\t\t\tstep=\"1\"\n\t\t\t\tplaceholder=\"\"\n\t\t\t\tinputmode=\"numeric\"\n\t\t\t\tautocomplete=\"off\" data-no-translation-aria-label=\"\"\n\t\t\t\t\t\/>\n\t\t\t\t<input type=\"button\" value=\"+\" class=\"ux-quantity__button ux-quantity__button--plus button plus is-form\">\t<\/div>\n\t<div class=\"add-to-cart-button\"><a href=\"?add-to-cart=12334\" data-quantity=\"1\" class=\"primary is-small mb-0 button product_type_simple add_to_cart_button ajax_add_to_cart is-outline\" data-product_id=\"12334\" data-product_sku=\"936.2110.092\" aria-label=\"Add to cart: \u201cProfiil DIVA5 21x9,3x16 mm L2020 mm, alumiinium\/INOX anodeeritud (PU 10)\u201d\" aria-describedby=\"\" rel=\"nofollow\" data-no-translation=\"\" data-trp-gettext=\"\" data-no-translation-aria-label=\"\">Add to cart<\/a><\/div><input type=\"hidden\" name=\"trp-form-language\" value=\"en\"\/><\/form>\t\t<\/div>\n\t<\/div>\n\t\t<\/div>\n<\/div><\/div>\n\t\t<\/div>\n\t\t\t\t\t<\/div>\n\n\t\n<\/div>\n\t\t<\/div>\n\t\t\t\t\t<\/div>\n\n\t\n<\/div>\n<div class=\"row align-equal align-center\"  id=\"row-1798346685\">\n\n\t<div id=\"col-1798948060\" class=\"col medium-4 small-12 large-4\"  >\n\t\t\t\t<div class=\"col-inner text-center\"  >\n\t\t\t\n\t\t\t\n<a href=\"https:\/\/www.evender.ee\/en\/product-category\/epidemic\/seinanagid\/\" target=\"_blank\" class=\"button primary\" rel=\"noopener\"  >\n    <span>See other wall hangers<\/span>\n  <\/a>\n\n\t\t<\/div>\n\t\t\t\t\t<\/div>\n\n\t\n<\/div>","protected":false},"excerpt":{"rendered":"<p>Introducing a stylish and space-saving wall hanging. With its minimalist design, it will fit into any room in your home: kitchen, bedroom, bathroom or wardrobe.<\/p>","protected":false},"author":3,"featured_media":12341,"comment_status":"closed","ping_status":"closed","sticky":false,"template":"","format":"standard","meta":{"footnotes":""},"categories":[377],"tags":[1178,1059,1133,1134,800,1118,1176,1180,1073,1094,1186,384,786,787,1071,1072,1124,1131,385,811,745,1177,1192,1053,699,1173,802,1174,1179,1175,1119,1030,1031,1130,801,1058,1199,1168,806,1060,1198,1196,1166,1167,1052,1161,1132,1069,1049,810,953,1184,1162,1163,1164,1185,1165,1159,1158,1197,771,1150,1152,1151,1149,1077,1055,1140,1056,1054,1076,1141,1129,1128,1137,1171,1200,700,1115,1170,1191,1070,1057,1169,1194,1125,1183,1075,1182,1138,1139,1123,1136,1135,1153,1154,1156,1155,1157,1142,1143,1144,1193,1160,1074,1117,1126,1147,1145,1127,1148,1146,1190,1116,1188,1122,1172,1201,1202,1203,1061,1181,1121,1050,1120,1195,1048,1067,1065,1066,1064,1063,1062,1046,1047,1189,1068,1051,1187],"yoast_head":"<!-- This site is optimized with the Yoast SEO plugin v23.9 - https:\/\/yoast.com\/wordpress\/plugins\/seo\/ -->\n<title>Stiilne ja ruumis\u00e4\u00e4stlik seinanagi | Evender<\/title>\n<meta name=\"robots\" content=\"index, follow, max-snippet:-1, max-image-preview:large, max-video-preview:-1\" \/>\n<link rel=\"canonical\" href=\"https:\/\/www.evender.ee\/en\/stiilne-ja-ruumisaastlik-seinanagi\/\" \/>\n<meta property=\"og:locale\" content=\"en_GB\" \/>\n<meta property=\"og:type\" content=\"article\" \/>\n<meta property=\"og:title\" content=\"Stiilne ja ruumis\u00e4\u00e4stlik seinanagi | Evender\" \/>\n<meta property=\"og:description\" content=\"Tutvustame Teile\u00a0stiilset ja ruumis\u00e4\u00e4stlikku\u00a0seinanagi. Nagil on\u00a0minimalistlik disain\u00a0ja t\u00e4nu sellele sobitub ta Teie kodus igasse ruumi: k\u00f6\u00f6ki, magamistuppa, vannituppa v\u00f5i garderoobi.\" \/>\n<meta property=\"og:url\" content=\"https:\/\/www.evender.ee\/en\/stiilne-ja-ruumisaastlik-seinanagi\/\" \/>\n<meta property=\"og:site_name\" content=\"Evender\" \/>\n<meta property=\"article:publisher\" content=\"https:\/\/www.facebook.com\/evendernordic\" \/>\n<meta property=\"article:published_time\" content=\"2021-11-12T10:54:06+00:00\" \/>\n<meta property=\"article:modified_time\" content=\"2021-11-12T11:18:21+00:00\" \/>\n<meta property=\"og:image\" content=\"https:\/\/www.evender.ee\/wp-content\/uploads\/2021\/11\/Seinanagi-volditav-1.jpg\" \/>\n\t<meta property=\"og:image:width\" content=\"1886\" \/>\n\t<meta property=\"og:image:height\" content=\"898\" \/>\n\t<meta property=\"og:image:type\" content=\"image\/jpeg\" \/>\n<meta name=\"author\" content=\"Evender\" \/>\n<meta name=\"twitter:card\" content=\"summary_large_image\" \/>\n<meta name=\"twitter:label1\" content=\"Written by\" \/>\n\t<meta name=\"twitter:data1\" content=\"Evender\" \/>\n\t<meta name=\"twitter:label2\" content=\"Est. reading time\" \/>\n\t<meta name=\"twitter:data2\" content=\"1 minute\" \/>\n<script type=\"application\/ld+json\" class=\"yoast-schema-graph\">{\"@context\":\"https:\/\/schema.org\",\"@graph\":[{\"@type\":\"Article\",\"@id\":\"https:\/\/www.evender.ee\/en\/stiilne-ja-ruumisaastlik-seinanagi\/#article\",\"isPartOf\":{\"@id\":\"https:\/\/www.evender.ee\/en\/stiilne-ja-ruumisaastlik-seinanagi\/\"},\"author\":{\"name\":\"Evender\",\"@id\":\"https:\/\/www.evender.ee\/#\/schema\/person\/677fa2c46909e715aa9da35b3e5503c4\"},\"headline\":\"Stiilne ja ruumis\u00e4\u00e4stlik seinanagi\",\"datePublished\":\"2021-11-12T10:54:06+00:00\",\"dateModified\":\"2021-11-12T11:18:21+00:00\",\"mainEntityOfPage\":{\"@id\":\"https:\/\/www.evender.ee\/en\/stiilne-ja-ruumisaastlik-seinanagi\/\"},\"wordCount\":193,\"publisher\":{\"@id\":\"https:\/\/www.evender.ee\/#organization\"},\"image\":{\"@id\":\"https:\/\/www.evender.ee\/en\/stiilne-ja-ruumisaastlik-seinanagi\/#primaryimage\"},\"thumbnailUrl\":\"https:\/\/www.evender.ee\/wp-content\/uploads\/2021\/11\/Seinanagi-volditav-1.jpg\",\"keywords\":[\"arpa fenix\",\"ASKO\",\"bauhaus\",\"bauhof\",\"blum\",\"blumotion\",\"compact\",\"compact-kisko\",\"efexon\",\"Elfa\",\"elfa liukuovien\",\"Emuca\",\"ergoniimiline t\u00f6\u00f6koht\",\"ergonoomiline laud\",\"eritellimusel garderoobid\",\"eritellimusel liuguksed\",\"ermetika\",\"espak\",\"Evender\",\"evender furnituur\",\"evender nordic\",\"fenix\",\"fineprice\",\"Fiskostar\",\"furnituur\",\"glasshouse\",\"grass\",\"habo\",\"habo compact\",\"habo cube\",\"haefele\",\"H\u00e4fele\",\"H\u00e4fele eesti\",\"helaform\",\"Hettich\",\"IKEA\",\"ikea liukuovet\",\"inaria\",\"ise m\u00f6\u00f6bel\",\"ISKU\",\"jeld-wen\",\"jeldwen\",\"k-rauta\",\"kirena\",\"Koblenz\",\"kotimaiset liukuovet\",\"krauta\",\"L-uks\",\"Liuglev uks\",\"liugs\u00fcsteemid\",\"liuguksed\",\"liukuovenhelat\",\"liukuovet\",\"liukuovi\",\"liukuovi center\",\"liukuovihelat\",\"liukuovikisko\",\"liukuva\",\"liukuva j\u00e4rjestelm\u00e4\",\"liune\",\"l\u00fckands\u00fcsteem\",\"l\u00fckands\u00fcsteem Design\",\"l\u00fckands\u00fcsteem modern\",\"l\u00fckands\u00fcsteem retro\",\"l\u00fckands\u00fcsteem slide swd\",\"l\u00fckanduks\",\"l\u00fckandukse s\u00fcsteem\",\"l\u00fckanduste kandes\u00fcsteemid\",\"l\u00fckanduste kandes\u00fcsteemid puitustele\",\"Magic\",\"magic 2\",\"magic vetro\",\"man baltic\",\"mantion\",\"martval\",\"mirror line\",\"mirrorline\",\"m\u00f6\u00f6blifurnituur\",\"Mwe\",\"netrauta\",\"nettiovi\",\"on24\",\"PAX liuguksed\",\"pax-liukuovet\",\"pisla\",\"pocket\",\"profil-kisko\",\"puituks\",\"retro-kisko\",\"RG-301\",\"RG-310\",\"roostevaba liugs\u00fcsteem\",\"roostevaba l\u00fckands\u00fcsteem\",\"roostevaba m\u00f6\u00f6bel\",\"roto\",\"roto fs kempton\",\"ruostumaton liukuj\u00e4rjestelm\u00e4\",\"ruostumattomasta ter\u00e4ksest\u00e4 valmistettu liukuj\u00e4rjestelm\u00e4\",\"ruostumattomat huonekalut\",\"sah 61\/20\",\"sah 61\/30\",\"sah61\/50\",\"savo\",\"sch\u00fcko\",\"seinasisene l\u00fckanduks\",\"silent\",\"slide\",\"slide Design\",\"slide jw\",\"slide linea\",\"slide modern\",\"slide retro\",\"sliding doors\",\"soft stop\",\"soft-closing\",\"spider\",\"stella pocket door\",\"stirpe\",\"stirpe liukuovet\",\"structo\",\"Structo Industry\",\"style-kisko\",\"s\u00fcnkroonne\",\"Sunorek\",\"supra\",\"swedoor\",\"Tank\",\"Tank Magic\",\"tank032\",\"tank062\",\"tank082\",\"tank100\",\"tankindoor\",\"Terra\",\"Terra H\",\"topp hung sliding doors\",\"TOPP liuguks\",\"TRICKS\",\"yl\u00e4kantoinen liukuovi\"],\"articleSection\":[\"Uudised\"],\"inLanguage\":\"en-GB\"},{\"@type\":\"WebPage\",\"@id\":\"https:\/\/www.evender.ee\/en\/stiilne-ja-ruumisaastlik-seinanagi\/\",\"url\":\"https:\/\/www.evender.ee\/en\/stiilne-ja-ruumisaastlik-seinanagi\/\",\"name\":\"Stiilne ja ruumis\u00e4\u00e4stlik seinanagi | Evender\",\"isPartOf\":{\"@id\":\"https:\/\/www.evender.ee\/#website\"},\"primaryImageOfPage\":{\"@id\":\"https:\/\/www.evender.ee\/en\/stiilne-ja-ruumisaastlik-seinanagi\/#primaryimage\"},\"image\":{\"@id\":\"https:\/\/www.evender.ee\/en\/stiilne-ja-ruumisaastlik-seinanagi\/#primaryimage\"},\"thumbnailUrl\":\"https:\/\/www.evender.ee\/wp-content\/uploads\/2021\/11\/Seinanagi-volditav-1.jpg\",\"datePublished\":\"2021-11-12T10:54:06+00:00\",\"dateModified\":\"2021-11-12T11:18:21+00:00\",\"breadcrumb\":{\"@id\":\"https:\/\/www.evender.ee\/en\/stiilne-ja-ruumisaastlik-seinanagi\/#breadcrumb\"},\"inLanguage\":\"en-GB\",\"potentialAction\":[{\"@type\":\"ReadAction\",\"target\":[\"https:\/\/www.evender.ee\/en\/stiilne-ja-ruumisaastlik-seinanagi\/\"]}]},{\"@type\":\"ImageObject\",\"inLanguage\":\"en-GB\",\"@id\":\"https:\/\/www.evender.ee\/en\/stiilne-ja-ruumisaastlik-seinanagi\/#primaryimage\",\"url\":\"https:\/\/www.evender.ee\/wp-content\/uploads\/2021\/11\/Seinanagi-volditav-1.jpg\",\"contentUrl\":\"https:\/\/www.evender.ee\/wp-content\/uploads\/2021\/11\/Seinanagi-volditav-1.jpg\",\"width\":1886,\"height\":898},{\"@type\":\"BreadcrumbList\",\"@id\":\"https:\/\/www.evender.ee\/en\/stiilne-ja-ruumisaastlik-seinanagi\/#breadcrumb\",\"itemListElement\":[{\"@type\":\"ListItem\",\"position\":1,\"name\":\"Home\",\"item\":\"https:\/\/www.evender.ee\/\"},{\"@type\":\"ListItem\",\"position\":2,\"name\":\"Stiilne ja ruumis\u00e4\u00e4stlik seinanagi\"}]},{\"@type\":\"WebSite\",\"@id\":\"https:\/\/www.evender.ee\/#website\",\"url\":\"https:\/\/www.evender.ee\/\",\"name\":\"Evender\",\"description\":\"Evender on usaldusv\u00e4\u00e4rne partner, kui otsid m\u00f6\u00f6blifurnituuri, m\u00f6\u00f6blitarvikuid, k\u00f6\u00f6gifurnituuri v\u00f5i garderoobitarvikuid. Meie e-poest ja m\u00fc\u00fcgisaalist leiad k\u00f5rgekvaliteedilised furnituurilahendused nii m\u00f6\u00f6blitootjatele, eritellimusm\u00f6\u00f6bli valmistajatele kui ka eraklientidele\",\"publisher\":{\"@id\":\"https:\/\/www.evender.ee\/#organization\"},\"alternateName\":\"M\u00f6\u00f6blifurnituur\",\"potentialAction\":[{\"@type\":\"SearchAction\",\"target\":{\"@type\":\"EntryPoint\",\"urlTemplate\":\"https:\/\/www.evender.ee\/?s={search_term_string}\"},\"query-input\":{\"@type\":\"PropertyValueSpecification\",\"valueRequired\":true,\"valueName\":\"search_term_string\"}}],\"inLanguage\":\"en-GB\"},{\"@type\":\"Organization\",\"@id\":\"https:\/\/www.evender.ee\/#organization\",\"name\":\"Evender\",\"alternateName\":\"Evender Nordic\",\"url\":\"https:\/\/www.evender.ee\/\",\"logo\":{\"@type\":\"ImageObject\",\"inLanguage\":\"en-GB\",\"@id\":\"https:\/\/www.evender.ee\/#\/schema\/logo\/image\/\",\"url\":\"https:\/\/evender.ee\/wp-content\/uploads\/2025\/11\/LOGO-RUUT.png\",\"contentUrl\":\"https:\/\/evender.ee\/wp-content\/uploads\/2025\/11\/LOGO-RUUT.png\",\"width\":250,\"height\":250,\"caption\":\"Evender\"},\"image\":{\"@id\":\"https:\/\/www.evender.ee\/#\/schema\/logo\/image\/\"},\"sameAs\":[\"https:\/\/www.facebook.com\/evendernordic\"]},{\"@type\":\"Person\",\"@id\":\"https:\/\/www.evender.ee\/#\/schema\/person\/677fa2c46909e715aa9da35b3e5503c4\",\"name\":\"Evender\",\"image\":{\"@type\":\"ImageObject\",\"inLanguage\":\"en-GB\",\"@id\":\"https:\/\/www.evender.ee\/#\/schema\/person\/image\/\",\"url\":\"https:\/\/secure.gravatar.com\/avatar\/4a781afd990339f79f61d11bc04bf4f3?s=96&d=mm&r=g\",\"contentUrl\":\"https:\/\/secure.gravatar.com\/avatar\/4a781afd990339f79f61d11bc04bf4f3?s=96&d=mm&r=g\",\"caption\":\"Evender\"},\"url\":\"https:\/\/www.evender.ee\/en\/author\/lauri\/\"}]}<\/script>\n<!-- \/ Yoast SEO plugin. -->","yoast_head_json":{"title":"Stiilne ja ruumis\u00e4\u00e4stlik seinanagi | Evender","robots":{"index":"index","follow":"follow","max-snippet":"max-snippet:-1","max-image-preview":"max-image-preview:large","max-video-preview":"max-video-preview:-1"},"canonical":"https:\/\/www.evender.ee\/en\/stiilne-ja-ruumisaastlik-seinanagi\/","og_locale":"en_GB","og_type":"article","og_title":"Stiilne ja ruumis\u00e4\u00e4stlik seinanagi | Evender","og_description":"Tutvustame Teile\u00a0stiilset ja ruumis\u00e4\u00e4stlikku\u00a0seinanagi. Nagil on\u00a0minimalistlik disain\u00a0ja t\u00e4nu sellele sobitub ta Teie kodus igasse ruumi: k\u00f6\u00f6ki, magamistuppa, vannituppa v\u00f5i garderoobi.","og_url":"https:\/\/www.evender.ee\/en\/stiilne-ja-ruumisaastlik-seinanagi\/","og_site_name":"Evender","article_publisher":"https:\/\/www.facebook.com\/evendernordic","article_published_time":"2021-11-12T10:54:06+00:00","article_modified_time":"2021-11-12T11:18:21+00:00","og_image":[{"width":1886,"height":898,"url":"https:\/\/www.evender.ee\/wp-content\/uploads\/2021\/11\/Seinanagi-volditav-1.jpg","type":"image\/jpeg"}],"author":"Evender","twitter_card":"summary_large_image","twitter_misc":{"Written by":"Evender","Est. reading time":"1 minute"},"schema":{"@context":"https:\/\/schema.org","@graph":[{"@type":"Article","@id":"https:\/\/www.evender.ee\/en\/stiilne-ja-ruumisaastlik-seinanagi\/#article","isPartOf":{"@id":"https:\/\/www.evender.ee\/en\/stiilne-ja-ruumisaastlik-seinanagi\/"},"author":{"name":"Evender","@id":"https:\/\/www.evender.ee\/#\/schema\/person\/677fa2c46909e715aa9da35b3e5503c4"},"headline":"Stiilne ja ruumis\u00e4\u00e4stlik seinanagi","datePublished":"2021-11-12T10:54:06+00:00","dateModified":"2021-11-12T11:18:21+00:00","mainEntityOfPage":{"@id":"https:\/\/www.evender.ee\/en\/stiilne-ja-ruumisaastlik-seinanagi\/"},"wordCount":193,"publisher":{"@id":"https:\/\/www.evender.ee\/#organization"},"image":{"@id":"https:\/\/www.evender.ee\/en\/stiilne-ja-ruumisaastlik-seinanagi\/#primaryimage"},"thumbnailUrl":"https:\/\/www.evender.ee\/wp-content\/uploads\/2021\/11\/Seinanagi-volditav-1.jpg","keywords":["arpa fenix","ASKO","bauhaus","bauhof","blum","blumotion","compact","compact-kisko","efexon","Elfa","elfa liukuovien","Emuca","ergoniimiline t\u00f6\u00f6koht","ergonoomiline laud","eritellimusel garderoobid","eritellimusel liuguksed","ermetika","espak","Evender","evender furnituur","evender nordic","fenix","fineprice","Fiskostar","furnituur","glasshouse","grass","habo","habo compact","habo cube","haefele","H\u00e4fele","H\u00e4fele eesti","helaform","Hettich","IKEA","ikea liukuovet","inaria","ise m\u00f6\u00f6bel","ISKU","jeld-wen","jeldwen","k-rauta","kirena","Koblenz","kotimaiset liukuovet","krauta","L-uks","Liuglev uks","liugs\u00fcsteemid","liuguksed","liukuovenhelat","liukuovet","liukuovi","liukuovi center","liukuovihelat","liukuovikisko","liukuva","liukuva j\u00e4rjestelm\u00e4","liune","l\u00fckands\u00fcsteem","l\u00fckands\u00fcsteem Design","l\u00fckands\u00fcsteem modern","l\u00fckands\u00fcsteem retro","l\u00fckands\u00fcsteem slide swd","l\u00fckanduks","l\u00fckandukse s\u00fcsteem","l\u00fckanduste kandes\u00fcsteemid","l\u00fckanduste kandes\u00fcsteemid puitustele","Magic","magic 2","magic vetro","man baltic","mantion","martval","mirror line","mirrorline","m\u00f6\u00f6blifurnituur","Mwe","netrauta","nettiovi","on24","PAX liuguksed","pax-liukuovet","pisla","pocket","profil-kisko","puituks","retro-kisko","RG-301","RG-310","roostevaba liugs\u00fcsteem","roostevaba l\u00fckands\u00fcsteem","roostevaba m\u00f6\u00f6bel","roto","roto fs kempton","ruostumaton liukuj\u00e4rjestelm\u00e4","ruostumattomasta ter\u00e4ksest\u00e4 valmistettu liukuj\u00e4rjestelm\u00e4","ruostumattomat huonekalut","sah 61\/20","sah 61\/30","sah61\/50","savo","sch\u00fcko","seinasisene l\u00fckanduks","silent","slide","slide Design","slide jw","slide linea","slide modern","slide retro","sliding doors","soft stop","soft-closing","spider","stella pocket door","stirpe","stirpe liukuovet","structo","Structo Industry","style-kisko","s\u00fcnkroonne","Sunorek","supra","swedoor","Tank","Tank Magic","tank032","tank062","tank082","tank100","tankindoor","Terra","Terra H","topp hung sliding doors","TOPP liuguks","TRICKS","yl\u00e4kantoinen liukuovi"],"articleSection":["Uudised"],"inLanguage":"en-GB"},{"@type":"WebPage","@id":"https:\/\/www.evender.ee\/en\/stiilne-ja-ruumisaastlik-seinanagi\/","url":"https:\/\/www.evender.ee\/en\/stiilne-ja-ruumisaastlik-seinanagi\/","name":"Stiilne ja ruumis\u00e4\u00e4stlik seinanagi | Evender","isPartOf":{"@id":"https:\/\/www.evender.ee\/#website"},"primaryImageOfPage":{"@id":"https:\/\/www.evender.ee\/en\/stiilne-ja-ruumisaastlik-seinanagi\/#primaryimage"},"image":{"@id":"https:\/\/www.evender.ee\/en\/stiilne-ja-ruumisaastlik-seinanagi\/#primaryimage"},"thumbnailUrl":"https:\/\/www.evender.ee\/wp-content\/uploads\/2021\/11\/Seinanagi-volditav-1.jpg","datePublished":"2021-11-12T10:54:06+00:00","dateModified":"2021-11-12T11:18:21+00:00","breadcrumb":{"@id":"https:\/\/www.evender.ee\/en\/stiilne-ja-ruumisaastlik-seinanagi\/#breadcrumb"},"inLanguage":"en-GB","potentialAction":[{"@type":"ReadAction","target":["https:\/\/www.evender.ee\/en\/stiilne-ja-ruumisaastlik-seinanagi\/"]}]},{"@type":"ImageObject","inLanguage":"en-GB","@id":"https:\/\/www.evender.ee\/en\/stiilne-ja-ruumisaastlik-seinanagi\/#primaryimage","url":"https:\/\/www.evender.ee\/wp-content\/uploads\/2021\/11\/Seinanagi-volditav-1.jpg","contentUrl":"https:\/\/www.evender.ee\/wp-content\/uploads\/2021\/11\/Seinanagi-volditav-1.jpg","width":1886,"height":898},{"@type":"BreadcrumbList","@id":"https:\/\/www.evender.ee\/en\/stiilne-ja-ruumisaastlik-seinanagi\/#breadcrumb","itemListElement":[{"@type":"ListItem","position":1,"name":"Home","item":"https:\/\/www.evender.ee\/"},{"@type":"ListItem","position":2,"name":"Stiilne ja ruumis\u00e4\u00e4stlik seinanagi"}]},{"@type":"WebSite","@id":"https:\/\/www.evender.ee\/#website","url":"https:\/\/www.evender.ee\/","name":"Evender","description":"Evender is your reliable partner when you are looking for furniture veneer, furniture accessories, kitchen veneer or wardrobe accessories. In our e-shop and showroom you will find high quality veneer solutions for furniture manufacturers, custom furniture makers and private customers.","publisher":{"@id":"https:\/\/www.evender.ee\/#organization"},"alternateName":"M\u00f6\u00f6blifurnituur","potentialAction":[{"@type":"SearchAction","target":{"@type":"EntryPoint","urlTemplate":"https:\/\/www.evender.ee\/?s={search_term_string}"},"query-input":{"@type":"PropertyValueSpecification","valueRequired":true,"valueName":"search_term_string"}}],"inLanguage":"en-GB"},{"@type":"Organization","@id":"https:\/\/www.evender.ee\/#organization","name":"Evender","alternateName":"Evender Nordic","url":"https:\/\/www.evender.ee\/","logo":{"@type":"ImageObject","inLanguage":"en-GB","@id":"https:\/\/www.evender.ee\/#\/schema\/logo\/image\/","url":"https:\/\/evender.ee\/wp-content\/uploads\/2025\/11\/LOGO-RUUT.png","contentUrl":"https:\/\/evender.ee\/wp-content\/uploads\/2025\/11\/LOGO-RUUT.png","width":250,"height":250,"caption":"Evender"},"image":{"@id":"https:\/\/www.evender.ee\/#\/schema\/logo\/image\/"},"sameAs":["https:\/\/www.facebook.com\/evendernordic"]},{"@type":"Person","@id":"https:\/\/www.evender.ee\/#\/schema\/person\/677fa2c46909e715aa9da35b3e5503c4","name":"Evender","image":{"@type":"ImageObject","inLanguage":"en-GB","@id":"https:\/\/www.evender.ee\/#\/schema\/person\/image\/","url":"https:\/\/secure.gravatar.com\/avatar\/4a781afd990339f79f61d11bc04bf4f3?s=96&d=mm&r=g","contentUrl":"https:\/\/secure.gravatar.com\/avatar\/4a781afd990339f79f61d11bc04bf4f3?s=96&d=mm&r=g","caption":"Evender"},"url":"https:\/\/www.evender.ee\/en\/author\/lauri\/"}]}},"_links":{"self":[{"href":"https:\/\/www.evender.ee\/en\/wp-json\/wp\/v2\/posts\/12336"}],"collection":[{"href":"https:\/\/www.evender.ee\/en\/wp-json\/wp\/v2\/posts"}],"about":[{"href":"https:\/\/www.evender.ee\/en\/wp-json\/wp\/v2\/types\/post"}],"author":[{"embeddable":true,"href":"https:\/\/www.evender.ee\/en\/wp-json\/wp\/v2\/users\/3"}],"replies":[{"embeddable":true,"href":"https:\/\/www.evender.ee\/en\/wp-json\/wp\/v2\/comments?post=12336"}],"version-history":[{"count":10,"href":"https:\/\/www.evender.ee\/en\/wp-json\/wp\/v2\/posts\/12336\/revisions"}],"predecessor-version":[{"id":12351,"href":"https:\/\/www.evender.ee\/en\/wp-json\/wp\/v2\/posts\/12336\/revisions\/12351"}],"wp:featuredmedia":[{"embeddable":true,"href":"https:\/\/www.evender.ee\/en\/wp-json\/wp\/v2\/media\/12341"}],"wp:attachment":[{"href":"https:\/\/www.evender.ee\/en\/wp-json\/wp\/v2\/media?parent=12336"}],"wp:term":[{"taxonomy":"category","embeddable":true,"href":"https:\/\/www.evender.ee\/en\/wp-json\/wp\/v2\/categories?post=12336"},{"taxonomy":"post_tag","embeddable":true,"href":"https:\/\/www.evender.ee\/en\/wp-json\/wp\/v2\/tags?post=12336"}],"curies":[{"name":"wp","href":"https:\/\/api.w.org\/{rel}","templated":true}]}}